{"id":1122,"date":"2025-09-02T17:14:40","date_gmt":"2025-09-02T15:14:40","guid":{"rendered":"https:\/\/xavier-adraste.fr\/?p=1122"},"modified":"2025-08-18T17:14:50","modified_gmt":"2025-08-18T15:14:50","slug":"un-livre-audio-interactif-au-pont-du-gard","status":"publish","type":"post","link":"https:\/\/xavier-adraste.fr\/index.php\/2025\/09\/02\/un-livre-audio-interactif-au-pont-du-gard\/","title":{"rendered":"Un livre audio int\u00e9ractif au Pont du Gard"},"content":{"rendered":"\n<p>A l&rsquo;occasion d&rsquo;une visite des espaces d&rsquo;exposition ou Mus\u00e9e du Pont du Gard, (\u00e0 d\u00e9couvrir <a href=\"https:\/\/pontdugard.fr\/fr\/les-expositions-temporaires\" data-type=\"link\" data-id=\"https:\/\/pontdugard.fr\/fr\/les-expositions-temporaires\">ici<\/a>), j&rsquo;ai eu le plaisir de d\u00e9couvrir un chouette dispositif, un livre audio int\u00e9ractif.<\/p>\n\n\n\n<p>Le principe ?<\/p>\n\n\n\n<p>Le visiteur choisit sa langue, puis peut naviguer dans un grand livre compos\u00e9 de photos\/dessins\/archives, dont les pages d\u00e9clenchent des sons de 30secondes \u00e0 1 minute.<\/p>\n\n\n\n<p>Il est plutot en fin parcours, \u00e0 un moment o\u00f9 l&rsquo;exposition parle de la red\u00e9couverte du Pont du Gard au XIXe si\u00e8cle et sa mise en tourisme.<\/p>\n\n\n\n<p>J&rsquo;ai beaucoup aim\u00e9 ce dispositif, m\u00eame si il pr\u00e9sente quelques limites. En effet, quand le visiteur arrive, le livre est \u00e0 la derni\u00e8re page et doit comprendre le lien qui s&rsquo;op\u00e8re entre le fait de tourner et les images, avant de se l&rsquo;approprier.<\/p>\n\n\n\n<p>Tr\u00e8s chouette dispositif.<\/p>\n\n\n\n<p><\/p>\n\n\n\n<figure class=\"wp-block-image aligncenter size-large is-resized\"><img loading=\"lazy\" decoding=\"async\" width=\"1024\" height=\"768\" src=\"http:\/\/xavier-adraste.fr\/wp-content\/uploads\/2025\/08\/1755527845321-1024x768.jpg\" alt=\"\" class=\"wp-image-1123\" style=\"width:593px;height:auto\" srcset=\"https:\/\/xavier-adraste.fr\/wp-content\/uploads\/2025\/08\/1755527845321-1024x768.jpg 1024w, https:\/\/xavier-adraste.fr\/wp-content\/uploads\/2025\/08\/1755527845321-300x225.jpg 300w, https:\/\/xavier-adraste.fr\/wp-content\/uploads\/2025\/08\/1755527845321-768x576.jpg 768w, https:\/\/xavier-adraste.fr\/wp-content\/uploads\/2025\/08\/1755527845321-1536x1152.jpg 1536w, https:\/\/xavier-adraste.fr\/wp-content\/uploads\/2025\/08\/1755527845321-2048x1536.jpg 2048w\" sizes=\"auto, (max-width: 1024px) 100vw, 1024px\" \/><\/figure>\n\n\n\n<p><\/p>\n","protected":false},"excerpt":{"rendered":"<p>A l&rsquo;occasion d&rsquo;une visite des espaces d&rsquo;exposition ou Mus\u00e9e du Pont du Gard, (\u00e0 d\u00e9couvrir ici), j&rsquo;ai eu le plaisir de d\u00e9couvrir un chouette dispositif, un livre audio int\u00e9ractif. Le principe ? Le visiteur choisit sa langue, puis peut naviguer dans un grand livre compos\u00e9 de photos\/dessins\/archives, dont les pages d\u00e9clenchent des sons de 30secondes [&hellip;]<\/p>\n","protected":false},"author":1,"featured_media":1124,"comment_status":"open","ping_status":"open","sticky":false,"template":"","format":"standard","meta":{"footnotes":""},"categories":[6],"tags":[],"class_list":["post-1122","post","type-post","status-publish","format-standard","has-post-thumbnail","hentry","category-carnet-explorations"],"rttpg_featured_image_url":{"full":["https:\/\/xavier-adraste.fr\/wp-content\/uploads\/2025\/08\/1755527845340-scaled.jpg",2560,1920,false],"landscape":["https:\/\/xavier-adraste.fr\/wp-content\/uploads\/2025\/08\/1755527845340-scaled.jpg",2560,1920,false],"portraits":["https:\/\/xavier-adraste.fr\/wp-content\/uploads\/2025\/08\/1755527845340-scaled.jpg",2560,1920,false],"thumbnail":["https:\/\/xavier-adraste.fr\/wp-content\/uploads\/2025\/08\/1755527845340-150x150.jpg",150,150,true],"medium":["https:\/\/xavier-adraste.fr\/wp-content\/uploads\/2025\/08\/1755527845340-300x225.jpg",300,225,true],"large":["https:\/\/xavier-adraste.fr\/wp-content\/uploads\/2025\/08\/1755527845340-1024x768.jpg",1024,768,true],"1536x1536":["https:\/\/xavier-adraste.fr\/wp-content\/uploads\/2025\/08\/1755527845340-1536x1152.jpg",1536,1152,true],"2048x2048":["https:\/\/xavier-adraste.fr\/wp-content\/uploads\/2025\/08\/1755527845340-2048x1536.jpg",2048,1536,true]},"rttpg_author":{"display_name":"admin9161","author_link":"https:\/\/xavier-adraste.fr\/index.php\/author\/admin9161\/"},"rttpg_comment":7,"rttpg_category":"<a href=\"https:\/\/xavier-adraste.fr\/index.php\/category\/carnet-explorations\/\" rel=\"category tag\">Carnet d'explorations<\/a>","rttpg_excerpt":"A l&rsquo;occasion d&rsquo;une visite des espaces d&rsquo;exposition ou Mus\u00e9e du Pont du Gard, (\u00e0 d\u00e9couvrir ici), j&rsquo;ai eu le plaisir de d\u00e9couvrir un chouette dispositif, un livre audio int\u00e9ractif. Le principe ? Le visiteur choisit sa langue, puis peut naviguer dans un grand livre compos\u00e9 de photos\/dessins\/archives, dont les pages d\u00e9clenchent des sons de 30secondes\u2026","_links":{"self":[{"href":"https:\/\/xavier-adraste.fr\/index.php\/wp-json\/wp\/v2\/posts\/1122","targetHints":{"allow":["GET"]}}],"collection":[{"href":"https:\/\/xavier-adraste.fr\/index.php\/wp-json\/wp\/v2\/posts"}],"about":[{"href":"https:\/\/xavier-adraste.fr\/index.php\/wp-json\/wp\/v2\/types\/post"}],"author":[{"embeddable":true,"href":"https:\/\/xavier-adraste.fr\/index.php\/wp-json\/wp\/v2\/users\/1"}],"replies":[{"embeddable":true,"href":"https:\/\/xavier-adraste.fr\/index.php\/wp-json\/wp\/v2\/comments?post=1122"}],"version-history":[{"count":2,"href":"https:\/\/xavier-adraste.fr\/index.php\/wp-json\/wp\/v2\/posts\/1122\/revisions"}],"predecessor-version":[{"id":1126,"href":"https:\/\/xavier-adraste.fr\/index.php\/wp-json\/wp\/v2\/posts\/1122\/revisions\/1126"}],"wp:featuredmedia":[{"embeddable":true,"href":"https:\/\/xavier-adraste.fr\/index.php\/wp-json\/wp\/v2\/media\/1124"}],"wp:attachment":[{"href":"https:\/\/xavier-adraste.fr\/index.php\/wp-json\/wp\/v2\/media?parent=1122"}],"wp:term":[{"taxonomy":"category","embeddable":true,"href":"https:\/\/xavier-adraste.fr\/index.php\/wp-json\/wp\/v2\/categories?post=1122"},{"taxonomy":"post_tag","embeddable":true,"href":"https:\/\/xavier-adraste.fr\/index.php\/wp-json\/wp\/v2\/tags?post=1122"}],"curies":[{"name":"wp","href":"https:\/\/api.w.org\/{rel}","templated":true}]}}