{"id":1154,"date":"2025-10-14T11:37:19","date_gmt":"2025-10-14T09:37:19","guid":{"rendered":"https:\/\/xavier-adraste.fr\/?p=1154"},"modified":"2025-10-14T11:39:58","modified_gmt":"2025-10-14T09:39:58","slug":"une-visite-a-grimloire","status":"publish","type":"post","link":"https:\/\/xavier-adraste.fr\/index.php\/2025\/10\/14\/une-visite-a-grimloire\/","title":{"rendered":"Une visite \u00e0 Grim&rsquo;Loire"},"content":{"rendered":"\n<p>J&rsquo;ai une tendresse particuli\u00e8re pour les \u00e9critures de l&rsquo;imaginaire. <\/p>\n\n\n\n<p>Alors quand j&rsquo;ai vu l&rsquo;arriv\u00e9e de ce salon en Touraine, j&rsquo;ai d\u00e9cid\u00e9 d&rsquo;aller le visiter.<\/p>\n\n\n\n<p>Du monde, des maisons d&rsquo;\u00e9ditions, des auteurs et autrices&#8230;l&rsquo;imaginaire devient de plus en plus un ph\u00e9nom\u00e8ne v\u00e9ritablement ancr\u00e9 dans les pratiques culturelles de nos jours. Hyper int\u00e9ressant \u00e0 observer. Quand l&rsquo;envie d&rsquo;\u00e9vasion croise une forme de recherche de racines, un bon t\u00e9moin de notre \u00e9poque ?<\/p>\n\n\n\n<p>Trop peu de SF pour moi dans les all\u00e9es, mais j&rsquo;ai pris plaisir \u00e0 faire de chouettes rencontres. <\/p>\n\n\n\n<p>Par ailleurs, j&rsquo;ai beaucoup aim\u00e9 l&rsquo;univers steampunk de l&rsquo;affiche officielle; mais je suis rest\u00e9 longtemps \u00e0 d\u00e9vouvrir les travaux d&rsquo;\u00e9tudiants l&rsquo;\u00e9cole Brassart d&rsquo;art et de design.<\/p>\n\n\n\n<p>Une mention sp\u00e9ciale pour le travail de cet \u00e9tudiant Arnaud Mizzi, avec un r\u00e9-interpr\u00e9tation \u00e9tonnante du miroir d&rsquo;eau ^^.<\/p>\n\n\n\n<figure class=\"wp-block-image size-large\"><img loading=\"lazy\" decoding=\"async\" width=\"768\" height=\"1024\" src=\"https:\/\/xavier-adraste.fr\/wp-content\/uploads\/2025\/10\/1760433349072-768x1024.jpg\" alt=\"\" class=\"wp-image-1156\" srcset=\"https:\/\/xavier-adraste.fr\/wp-content\/uploads\/2025\/10\/1760433349072-768x1024.jpg 768w, https:\/\/xavier-adraste.fr\/wp-content\/uploads\/2025\/10\/1760433349072-225x300.jpg 225w, https:\/\/xavier-adraste.fr\/wp-content\/uploads\/2025\/10\/1760433349072-1152x1536.jpg 1152w, https:\/\/xavier-adraste.fr\/wp-content\/uploads\/2025\/10\/1760433349072-1536x2048.jpg 1536w, https:\/\/xavier-adraste.fr\/wp-content\/uploads\/2025\/10\/1760433349072-scaled.jpg 1920w\" sizes=\"auto, (max-width: 768px) 100vw, 768px\" \/><\/figure>\n","protected":false},"excerpt":{"rendered":"<p>J&rsquo;ai une tendresse particuli\u00e8re pour les \u00e9critures de l&rsquo;imaginaire. Alors quand j&rsquo;ai vu l&rsquo;arriv\u00e9e de ce salon en Touraine, j&rsquo;ai d\u00e9cid\u00e9 d&rsquo;aller le visiter. Du monde, des maisons d&rsquo;\u00e9ditions, des auteurs et autrices&#8230;l&rsquo;imaginaire devient de plus en plus un ph\u00e9nom\u00e8ne v\u00e9ritablement ancr\u00e9 dans les pratiques culturelles de nos jours. Hyper int\u00e9ressant \u00e0 observer. Quand l&rsquo;envie [&hellip;]<\/p>\n","protected":false},"author":1,"featured_media":1155,"comment_status":"open","ping_status":"open","sticky":false,"template":"","format":"standard","meta":{"footnotes":""},"categories":[6],"tags":[],"class_list":["post-1154","post","type-post","status-publish","format-standard","has-post-thumbnail","hentry","category-carnet-explorations"],"rttpg_featured_image_url":{"full":["https:\/\/xavier-adraste.fr\/wp-content\/uploads\/2025\/10\/1760433775659-scaled.jpg",2560,1920,false],"landscape":["https:\/\/xavier-adraste.fr\/wp-content\/uploads\/2025\/10\/1760433775659-scaled.jpg",2560,1920,false],"portraits":["https:\/\/xavier-adraste.fr\/wp-content\/uploads\/2025\/10\/1760433775659-scaled.jpg",2560,1920,false],"thumbnail":["https:\/\/xavier-adraste.fr\/wp-content\/uploads\/2025\/10\/1760433775659-150x150.jpg",150,150,true],"medium":["https:\/\/xavier-adraste.fr\/wp-content\/uploads\/2025\/10\/1760433775659-300x225.jpg",300,225,true],"large":["https:\/\/xavier-adraste.fr\/wp-content\/uploads\/2025\/10\/1760433775659-1024x768.jpg",1024,768,true],"1536x1536":["https:\/\/xavier-adraste.fr\/wp-content\/uploads\/2025\/10\/1760433775659-1536x1152.jpg",1536,1152,true],"2048x2048":["https:\/\/xavier-adraste.fr\/wp-content\/uploads\/2025\/10\/1760433775659-2048x1536.jpg",2048,1536,true]},"rttpg_author":{"display_name":"admin9161","author_link":"https:\/\/xavier-adraste.fr\/index.php\/author\/admin9161\/"},"rttpg_comment":1,"rttpg_category":"<a href=\"https:\/\/xavier-adraste.fr\/index.php\/category\/carnet-explorations\/\" rel=\"category tag\">Carnet d'explorations<\/a>","rttpg_excerpt":"J&rsquo;ai une tendresse particuli\u00e8re pour les \u00e9critures de l&rsquo;imaginaire. Alors quand j&rsquo;ai vu l&rsquo;arriv\u00e9e de ce salon en Touraine, j&rsquo;ai d\u00e9cid\u00e9 d&rsquo;aller le visiter. Du monde, des maisons d&rsquo;\u00e9ditions, des auteurs et autrices&#8230;l&rsquo;imaginaire devient de plus en plus un ph\u00e9nom\u00e8ne v\u00e9ritablement ancr\u00e9 dans les pratiques culturelles de nos jours. Hyper int\u00e9ressant \u00e0 observer. Quand l&rsquo;envie\u2026","_links":{"self":[{"href":"https:\/\/xavier-adraste.fr\/index.php\/wp-json\/wp\/v2\/posts\/1154","targetHints":{"allow":["GET"]}}],"collection":[{"href":"https:\/\/xavier-adraste.fr\/index.php\/wp-json\/wp\/v2\/posts"}],"about":[{"href":"https:\/\/xavier-adraste.fr\/index.php\/wp-json\/wp\/v2\/types\/post"}],"author":[{"embeddable":true,"href":"https:\/\/xavier-adraste.fr\/index.php\/wp-json\/wp\/v2\/users\/1"}],"replies":[{"embeddable":true,"href":"https:\/\/xavier-adraste.fr\/index.php\/wp-json\/wp\/v2\/comments?post=1154"}],"version-history":[{"count":3,"href":"https:\/\/xavier-adraste.fr\/index.php\/wp-json\/wp\/v2\/posts\/1154\/revisions"}],"predecessor-version":[{"id":1159,"href":"https:\/\/xavier-adraste.fr\/index.php\/wp-json\/wp\/v2\/posts\/1154\/revisions\/1159"}],"wp:featuredmedia":[{"embeddable":true,"href":"https:\/\/xavier-adraste.fr\/index.php\/wp-json\/wp\/v2\/media\/1155"}],"wp:attachment":[{"href":"https:\/\/xavier-adraste.fr\/index.php\/wp-json\/wp\/v2\/media?parent=1154"}],"wp:term":[{"taxonomy":"category","embeddable":true,"href":"https:\/\/xavier-adraste.fr\/index.php\/wp-json\/wp\/v2\/categories?post=1154"},{"taxonomy":"post_tag","embeddable":true,"href":"https:\/\/xavier-adraste.fr\/index.php\/wp-json\/wp\/v2\/tags?post=1154"}],"curies":[{"name":"wp","href":"https:\/\/api.w.org\/{rel}","templated":true}]}}