{"id":1308,"date":"2026-03-11T10:29:50","date_gmt":"2026-03-11T09:29:50","guid":{"rendered":"https:\/\/xavier-adraste.fr\/?p=1308"},"modified":"2026-03-12T14:50:39","modified_gmt":"2026-03-12T13:50:39","slug":"martin-parr-loeil-mordant-du-tourisme-de-masse-sest-eteint","status":"publish","type":"post","link":"https:\/\/xavier-adraste.fr\/index.php\/2026\/03\/11\/martin-parr-loeil-mordant-du-tourisme-de-masse-sest-eteint\/","title":{"rendered":"Martin Parr : l&rsquo;\u0153il mordant du tourisme de masse s&rsquo;est \u00e9teint"},"content":{"rendered":"\n<p>Il fait partie des grands noms de la photographie internationale et son travail m&rsquo;a toujours accompagn\u00e9, depuis mes \u00e9tudes en tourisme jusqu&rsquo;\u00e0 aujourdh&rsquo;ui.<\/p>\n\n\n\n<p>Le photographe britannique Martin Parr est d\u00e9c\u00e9d\u00e9 il y a trois mois, chez lui \u00e0 Bristol.<\/p>\n\n\n\n<p>Pendant pr\u00e8s de vingt ans, ce membre embl\u00e9matique de l&rsquo;agence Magnum a traqu\u00e9 le vacancier moderne aux quatre coins de la plan\u00e8te avec son style reconnaissable : couleurs satur\u00e9es, flash frontal et cadrages serr\u00e9s !<\/p>\n\n\n\n<p>Sa s\u00e9rie culte <em>Small World<\/em> (1987-2008) expose la standardisation du tourisme globalis\u00e9 avec beaucoup d&rsquo;ironie ! Des touristes tentant d&rsquo;exclure les autres du cadre devant les monuments, achetant de la pacotille, portant des t-shirts \u00ab\u00a0Bali\u00a0\u00bb devant la Sagrada Familia &#8230;le cadre est pos\u00e9.<\/p>\n\n\n\n<p>Il a pris en photo cette \u00ab\u00a0culture mondiale\u00a0\u00bb o\u00f9, paradoxalement, la qu\u00eate de cultures diff\u00e9rentes participe \u00e0 leur destruction&#8230;<\/p>\n\n\n\n<p>Son \u0153uvre m&rsquo;avait \u00e9norm\u00e9ment marqu\u00e9 lors de mes \u00e9tudes sup\u00e9rieures en tourisme, mois qui venait de la fac d&rsquo;histoire \/ patrimoine, d\u00e9couvrant le secteur toursitique.<\/p>\n\n\n\n<p>Par compte, elle ne doit pas non plus nous faire oublier que le secteur ne se r\u00e9sume pas \u00e0 ces seules d\u00e9rives.<\/p>\n\n\n\n<p>Pour ceux qui d\u00e9couvrent sont travail, j&rsquo;ai mis de photos en lien avec le tourisme ici :<\/p>\n\n\n\n<div class=\"wp-block-buttons is-layout-flex wp-block-buttons-is-layout-flex\">\n<div class=\"wp-block-button\"><a class=\"wp-block-button__link wp-element-button\" href=\"https:\/\/www.polkamagazine.com\/dans-les-archives-de-magnum-martin-parr-en-classe-touriste\/\">Voir les photos<\/a><\/div>\n<\/div>\n\n\n\n<p><br><br><br><br><br>.<\/p>\n\n\n\n<p><\/p>\n","protected":false},"excerpt":{"rendered":"<p>Il fait partie des grands noms de la photographie internationale et son travail m&rsquo;a toujours accompagn\u00e9, depuis mes \u00e9tudes en tourisme jusqu&rsquo;\u00e0 aujourdh&rsquo;ui. Le photographe britannique Martin Parr est d\u00e9c\u00e9d\u00e9 il y a trois mois, chez lui \u00e0 Bristol. Pendant pr\u00e8s de vingt ans, ce membre embl\u00e9matique de l&rsquo;agence Magnum a traqu\u00e9 le vacancier moderne [&hellip;]<\/p>\n","protected":false},"author":1,"featured_media":1331,"comment_status":"open","ping_status":"open","sticky":false,"template":"","format":"standard","meta":{"footnotes":""},"categories":[6],"tags":[],"class_list":["post-1308","post","type-post","status-publish","format-standard","has-post-thumbnail","hentry","category-carnet-explorations"],"rttpg_featured_image_url":{"full":["https:\/\/xavier-adraste.fr\/wp-content\/uploads\/2025\/12\/LON17731-1300x1065-1.jpg",1300,1065,false],"landscape":["https:\/\/xavier-adraste.fr\/wp-content\/uploads\/2025\/12\/LON17731-1300x1065-1.jpg",1300,1065,false],"portraits":["https:\/\/xavier-adraste.fr\/wp-content\/uploads\/2025\/12\/LON17731-1300x1065-1.jpg",1300,1065,false],"thumbnail":["https:\/\/xavier-adraste.fr\/wp-content\/uploads\/2025\/12\/LON17731-1300x1065-1-150x150.jpg",150,150,true],"medium":["https:\/\/xavier-adraste.fr\/wp-content\/uploads\/2025\/12\/LON17731-1300x1065-1-300x246.jpg",300,246,true],"large":["https:\/\/xavier-adraste.fr\/wp-content\/uploads\/2025\/12\/LON17731-1300x1065-1-1024x839.jpg",1024,839,true],"1536x1536":["https:\/\/xavier-adraste.fr\/wp-content\/uploads\/2025\/12\/LON17731-1300x1065-1.jpg",1300,1065,false],"2048x2048":["https:\/\/xavier-adraste.fr\/wp-content\/uploads\/2025\/12\/LON17731-1300x1065-1.jpg",1300,1065,false]},"rttpg_author":{"display_name":"admin9161","author_link":"https:\/\/xavier-adraste.fr\/index.php\/author\/admin9161\/"},"rttpg_comment":0,"rttpg_category":"<a href=\"https:\/\/xavier-adraste.fr\/index.php\/category\/carnet-explorations\/\" rel=\"category tag\">Carnet d'explorations<\/a>","rttpg_excerpt":"Il fait partie des grands noms de la photographie internationale et son travail m&rsquo;a toujours accompagn\u00e9, depuis mes \u00e9tudes en tourisme jusqu&rsquo;\u00e0 aujourdh&rsquo;ui. Le photographe britannique Martin Parr est d\u00e9c\u00e9d\u00e9 il y a trois mois, chez lui \u00e0 Bristol. Pendant pr\u00e8s de vingt ans, ce membre embl\u00e9matique de l&rsquo;agence Magnum a traqu\u00e9 le vacancier moderne\u2026","_links":{"self":[{"href":"https:\/\/xavier-adraste.fr\/index.php\/wp-json\/wp\/v2\/posts\/1308","targetHints":{"allow":["GET"]}}],"collection":[{"href":"https:\/\/xavier-adraste.fr\/index.php\/wp-json\/wp\/v2\/posts"}],"about":[{"href":"https:\/\/xavier-adraste.fr\/index.php\/wp-json\/wp\/v2\/types\/post"}],"author":[{"embeddable":true,"href":"https:\/\/xavier-adraste.fr\/index.php\/wp-json\/wp\/v2\/users\/1"}],"replies":[{"embeddable":true,"href":"https:\/\/xavier-adraste.fr\/index.php\/wp-json\/wp\/v2\/comments?post=1308"}],"version-history":[{"count":6,"href":"https:\/\/xavier-adraste.fr\/index.php\/wp-json\/wp\/v2\/posts\/1308\/revisions"}],"predecessor-version":[{"id":1477,"href":"https:\/\/xavier-adraste.fr\/index.php\/wp-json\/wp\/v2\/posts\/1308\/revisions\/1477"}],"wp:featuredmedia":[{"embeddable":true,"href":"https:\/\/xavier-adraste.fr\/index.php\/wp-json\/wp\/v2\/media\/1331"}],"wp:attachment":[{"href":"https:\/\/xavier-adraste.fr\/index.php\/wp-json\/wp\/v2\/media?parent=1308"}],"wp:term":[{"taxonomy":"category","embeddable":true,"href":"https:\/\/xavier-adraste.fr\/index.php\/wp-json\/wp\/v2\/categories?post=1308"},{"taxonomy":"post_tag","embeddable":true,"href":"https:\/\/xavier-adraste.fr\/index.php\/wp-json\/wp\/v2\/tags?post=1308"}],"curies":[{"name":"wp","href":"https:\/\/api.w.org\/{rel}","templated":true}]}}