{"id":1472,"date":"2026-03-12T14:47:51","date_gmt":"2026-03-12T13:47:51","guid":{"rendered":"https:\/\/xavier-adraste.fr\/?p=1472"},"modified":"2026-03-12T14:47:51","modified_gmt":"2026-03-12T13:47:51","slug":"je-participe-a-une-table-ronde-sur-la-thematique-recherche-et-patrimoine-organisee-par-pixel-players","status":"publish","type":"post","link":"https:\/\/xavier-adraste.fr\/index.php\/2026\/03\/12\/je-participe-a-une-table-ronde-sur-la-thematique-recherche-et-patrimoine-organisee-par-pixel-players\/","title":{"rendered":"Je participe \u00e0 une table ronde sur la th\u00e9matique recherche et patrimoine organis\u00e9e par Pixel Players"},"content":{"rendered":"\n<p>Jeune adh\u00e9rent du cluster du divertissement digital en r\u00e9gion Centre depuis f\u00e9vrier 2026, j&rsquo;ai eu l&rsquo;opportunit\u00e9 d&rsquo;intervenir dans une table ronde en d\u00e9but mars 2026 \u00e0 la CCI Touraine.<\/p>\n\n\n\n<p>J&rsquo;ai pu apporter mon regard et mon exp\u00e9rience d&rsquo;ancien chef de projet tourisme culturel num\u00e9rique sur les opportunit\u00e9s (et les difficult\u00e9s) de faire converger les int\u00e9r\u00eats des diff\u00e9rentes parties prenantes, dont chercheurs et prestaires num\u00e9riques, dans un projet de mise en valeur num\u00e9rique du patrimoine.<\/p>\n\n\n\n<p>Le principe de l&rsquo;\u00e9v\u00e8nement \u00e9tait de faire \u00e9merger une dynamique de r\u00e9flexion collective autour de ces sujets \u00e0 l&rsquo;\u00e9chelle de la R\u00e9gion Centre. Merci au cluster de prendre en main et de faire avancer ces sujets hybrides, \u00e0 la crois\u00e9e, entre marketing territorial, recherches universitaires, mod\u00e8les \u00e9conomiques et mises en m\u00e9diation num\u00e9rique et\/ou low tech.<\/p>\n\n\n\n<p>Photo : LinkedIn de Pixel Players<\/p>\n","protected":false},"excerpt":{"rendered":"<p>Jeune adh\u00e9rent du cluster du divertissement digital en r\u00e9gion Centre depuis f\u00e9vrier 2026, j&rsquo;ai eu l&rsquo;opportunit\u00e9 d&rsquo;intervenir dans une table ronde en d\u00e9but mars 2026 \u00e0 la CCI Touraine. J&rsquo;ai pu apporter mon regard et mon exp\u00e9rience d&rsquo;ancien chef de projet tourisme culturel num\u00e9rique sur les opportunit\u00e9s (et les difficult\u00e9s) de faire converger les int\u00e9r\u00eats [&hellip;]<\/p>\n","protected":false},"author":1,"featured_media":1473,"comment_status":"open","ping_status":"open","sticky":false,"template":"","format":"standard","meta":{"footnotes":""},"categories":[5],"tags":[],"class_list":["post-1472","post","type-post","status-publish","format-standard","has-post-thumbnail","hentry","category-projets"],"rttpg_featured_image_url":{"full":["https:\/\/xavier-adraste.fr\/wp-content\/uploads\/2026\/03\/1773156482777.jpg",1600,1200,false],"landscape":["https:\/\/xavier-adraste.fr\/wp-content\/uploads\/2026\/03\/1773156482777.jpg",1600,1200,false],"portraits":["https:\/\/xavier-adraste.fr\/wp-content\/uploads\/2026\/03\/1773156482777.jpg",1600,1200,false],"thumbnail":["https:\/\/xavier-adraste.fr\/wp-content\/uploads\/2026\/03\/1773156482777-150x150.jpg",150,150,true],"medium":["https:\/\/xavier-adraste.fr\/wp-content\/uploads\/2026\/03\/1773156482777-300x225.jpg",300,225,true],"large":["https:\/\/xavier-adraste.fr\/wp-content\/uploads\/2026\/03\/1773156482777-1024x768.jpg",1024,768,true],"1536x1536":["https:\/\/xavier-adraste.fr\/wp-content\/uploads\/2026\/03\/1773156482777-1536x1152.jpg",1536,1152,true],"2048x2048":["https:\/\/xavier-adraste.fr\/wp-content\/uploads\/2026\/03\/1773156482777.jpg",1600,1200,false]},"rttpg_author":{"display_name":"admin9161","author_link":"https:\/\/xavier-adraste.fr\/index.php\/author\/admin9161\/"},"rttpg_comment":0,"rttpg_category":"<a href=\"https:\/\/xavier-adraste.fr\/index.php\/category\/projets\/\" rel=\"category tag\">Projets<\/a>","rttpg_excerpt":"Jeune adh\u00e9rent du cluster du divertissement digital en r\u00e9gion Centre depuis f\u00e9vrier 2026, j&rsquo;ai eu l&rsquo;opportunit\u00e9 d&rsquo;intervenir dans une table ronde en d\u00e9but mars 2026 \u00e0 la CCI Touraine. J&rsquo;ai pu apporter mon regard et mon exp\u00e9rience d&rsquo;ancien chef de projet tourisme culturel num\u00e9rique sur les opportunit\u00e9s (et les difficult\u00e9s) de faire converger les int\u00e9r\u00eats\u2026","_links":{"self":[{"href":"https:\/\/xavier-adraste.fr\/index.php\/wp-json\/wp\/v2\/posts\/1472","targetHints":{"allow":["GET"]}}],"collection":[{"href":"https:\/\/xavier-adraste.fr\/index.php\/wp-json\/wp\/v2\/posts"}],"about":[{"href":"https:\/\/xavier-adraste.fr\/index.php\/wp-json\/wp\/v2\/types\/post"}],"author":[{"embeddable":true,"href":"https:\/\/xavier-adraste.fr\/index.php\/wp-json\/wp\/v2\/users\/1"}],"replies":[{"embeddable":true,"href":"https:\/\/xavier-adraste.fr\/index.php\/wp-json\/wp\/v2\/comments?post=1472"}],"version-history":[{"count":2,"href":"https:\/\/xavier-adraste.fr\/index.php\/wp-json\/wp\/v2\/posts\/1472\/revisions"}],"predecessor-version":[{"id":1475,"href":"https:\/\/xavier-adraste.fr\/index.php\/wp-json\/wp\/v2\/posts\/1472\/revisions\/1475"}],"wp:featuredmedia":[{"embeddable":true,"href":"https:\/\/xavier-adraste.fr\/index.php\/wp-json\/wp\/v2\/media\/1473"}],"wp:attachment":[{"href":"https:\/\/xavier-adraste.fr\/index.php\/wp-json\/wp\/v2\/media?parent=1472"}],"wp:term":[{"taxonomy":"category","embeddable":true,"href":"https:\/\/xavier-adraste.fr\/index.php\/wp-json\/wp\/v2\/categories?post=1472"},{"taxonomy":"post_tag","embeddable":true,"href":"https:\/\/xavier-adraste.fr\/index.php\/wp-json\/wp\/v2\/tags?post=1472"}],"curies":[{"name":"wp","href":"https:\/\/api.w.org\/{rel}","templated":true}]}}