{"id":806,"date":"2025-01-14T11:56:20","date_gmt":"2025-01-14T10:56:20","guid":{"rendered":"https:\/\/xavier-adraste.fr\/?p=806"},"modified":"2025-02-18T12:43:45","modified_gmt":"2025-02-18T11:43:45","slug":"un-premier-challenge-no-code","status":"publish","type":"post","link":"https:\/\/xavier-adraste.fr\/index.php\/2025\/01\/14\/un-premier-challenge-no-code\/","title":{"rendered":"Un premier challenge no-code !"},"content":{"rendered":"\n<p>Vous le savez, en septembre 2024, j&rsquo;ai cr\u00e9e un premier groupe beta-utilisateurs de mon programme \u00ab\u00a0no-code loves culture\u00a0\u00bb, j&rsquo;en parle <a href=\"https:\/\/xavier-adraste.fr\/index.php\/2024\/09\/06\/no-code-loves-culture\/\" data-type=\"post\" data-id=\"458\">ici<\/a>.<\/p>\n\n\n\n<p>Depuis, en compl\u00e9ment des vid\u00e9os de l&rsquo;espace Notion, j&rsquo;anime r\u00e9guli\u00e8rement le groupe.<\/p>\n\n\n\n<p>Cela prend la forme de:<\/p>\n\n\n\n<ul class=\"wp-block-list\">\n<li>lives priv\u00e9s o\u00f9 l&rsquo;on commente ensemble un projet num\u00e9rique en 1h<\/li>\n\n\n\n<li>des s\u00e9ances de live no-coding dans notre espace Gather<\/li>\n\n\n\n<li>d<a href=\"https:\/\/xavier-adraste.fr\/index.php\/2024\/12\/17\/des-lives-publics-pour-no-code-loves-culture-le-10-janvier\/\" data-type=\"post\" data-id=\"692\">es lives publics sur Youtube<\/a> avec Matthieu Gameiro<\/li>\n<\/ul>\n\n\n\n<p>Etant donn\u00e9 qu&rsquo;il est difficille de se motiver, seul devant son PC, j&rsquo;ai d\u00e9cid\u00e9 d&rsquo;organiser un <strong>challenge <\/strong>!<\/p>\n\n\n\n<p>Celui-ci aura lieu du 24 au 27 janvier 2025 et il est exclusivement r\u00e9serv\u00e9 aux membres beta de mon parcours \u00ab\u00a0no-code loves culture\u00a0\u00bb<\/p>\n\n\n\n<p>Au menu, des s\u00e9ances de travail, du fun et de la motivation pour se challenger autour d&rsquo;un projet !<\/p>\n\n\n\n<p>H\u00e2te d&rsquo;y \u00eatre !<\/p>\n\n\n\n<p><\/p>\n\n\n\n<p><\/p>\n","protected":false},"excerpt":{"rendered":"<p>Vous le savez, en septembre 2024, j&rsquo;ai cr\u00e9e un premier groupe beta-utilisateurs de mon programme \u00ab\u00a0no-code loves culture\u00a0\u00bb, j&rsquo;en parle ici. Depuis, en compl\u00e9ment des vid\u00e9os de l&rsquo;espace Notion, j&rsquo;anime r\u00e9guli\u00e8rement le groupe. Cela prend la forme de: Etant donn\u00e9 qu&rsquo;il est difficille de se motiver, seul devant son PC, j&rsquo;ai d\u00e9cid\u00e9 d&rsquo;organiser un challenge [&hellip;]<\/p>\n","protected":false},"author":1,"featured_media":807,"comment_status":"open","ping_status":"open","sticky":false,"template":"","format":"standard","meta":{"footnotes":""},"categories":[18,5],"tags":[],"class_list":["post-806","post","type-post","status-publish","format-standard","has-post-thumbnail","hentry","category-no-code","category-projets"],"rttpg_featured_image_url":{"full":["https:\/\/xavier-adraste.fr\/wp-content\/uploads\/2025\/01\/Banniere-En-tete-Formes-Colore.jpg",2000,600,false],"landscape":["https:\/\/xavier-adraste.fr\/wp-content\/uploads\/2025\/01\/Banniere-En-tete-Formes-Colore.jpg",2000,600,false],"portraits":["https:\/\/xavier-adraste.fr\/wp-content\/uploads\/2025\/01\/Banniere-En-tete-Formes-Colore.jpg",2000,600,false],"thumbnail":["https:\/\/xavier-adraste.fr\/wp-content\/uploads\/2025\/01\/Banniere-En-tete-Formes-Colore-150x150.jpg",150,150,true],"medium":["https:\/\/xavier-adraste.fr\/wp-content\/uploads\/2025\/01\/Banniere-En-tete-Formes-Colore-300x90.jpg",300,90,true],"large":["https:\/\/xavier-adraste.fr\/wp-content\/uploads\/2025\/01\/Banniere-En-tete-Formes-Colore-1024x307.jpg",1024,307,true],"1536x1536":["https:\/\/xavier-adraste.fr\/wp-content\/uploads\/2025\/01\/Banniere-En-tete-Formes-Colore-1536x461.jpg",1536,461,true],"2048x2048":["https:\/\/xavier-adraste.fr\/wp-content\/uploads\/2025\/01\/Banniere-En-tete-Formes-Colore.jpg",2000,600,false]},"rttpg_author":{"display_name":"admin9161","author_link":"https:\/\/xavier-adraste.fr\/index.php\/author\/admin9161\/"},"rttpg_comment":2,"rttpg_category":"<a href=\"https:\/\/xavier-adraste.fr\/index.php\/category\/no-code\/\" rel=\"category tag\">no-code<\/a> <a href=\"https:\/\/xavier-adraste.fr\/index.php\/category\/projets\/\" rel=\"category tag\">Projets<\/a>","rttpg_excerpt":"Vous le savez, en septembre 2024, j&rsquo;ai cr\u00e9e un premier groupe beta-utilisateurs de mon programme \u00ab\u00a0no-code loves culture\u00a0\u00bb, j&rsquo;en parle ici. Depuis, en compl\u00e9ment des vid\u00e9os de l&rsquo;espace Notion, j&rsquo;anime r\u00e9guli\u00e8rement le groupe. Cela prend la forme de: Etant donn\u00e9 qu&rsquo;il est difficille de se motiver, seul devant son PC, j&rsquo;ai d\u00e9cid\u00e9 d&rsquo;organiser un challenge\u2026","_links":{"self":[{"href":"https:\/\/xavier-adraste.fr\/index.php\/wp-json\/wp\/v2\/posts\/806","targetHints":{"allow":["GET"]}}],"collection":[{"href":"https:\/\/xavier-adraste.fr\/index.php\/wp-json\/wp\/v2\/posts"}],"about":[{"href":"https:\/\/xavier-adraste.fr\/index.php\/wp-json\/wp\/v2\/types\/post"}],"author":[{"embeddable":true,"href":"https:\/\/xavier-adraste.fr\/index.php\/wp-json\/wp\/v2\/users\/1"}],"replies":[{"embeddable":true,"href":"https:\/\/xavier-adraste.fr\/index.php\/wp-json\/wp\/v2\/comments?post=806"}],"version-history":[{"count":6,"href":"https:\/\/xavier-adraste.fr\/index.php\/wp-json\/wp\/v2\/posts\/806\/revisions"}],"predecessor-version":[{"id":855,"href":"https:\/\/xavier-adraste.fr\/index.php\/wp-json\/wp\/v2\/posts\/806\/revisions\/855"}],"wp:featuredmedia":[{"embeddable":true,"href":"https:\/\/xavier-adraste.fr\/index.php\/wp-json\/wp\/v2\/media\/807"}],"wp:attachment":[{"href":"https:\/\/xavier-adraste.fr\/index.php\/wp-json\/wp\/v2\/media?parent=806"}],"wp:term":[{"taxonomy":"category","embeddable":true,"href":"https:\/\/xavier-adraste.fr\/index.php\/wp-json\/wp\/v2\/categories?post=806"},{"taxonomy":"post_tag","embeddable":true,"href":"https:\/\/xavier-adraste.fr\/index.php\/wp-json\/wp\/v2\/tags?post=806"}],"curies":[{"name":"wp","href":"https:\/\/api.w.org\/{rel}","templated":true}]}}