{"id":846,"date":"2025-03-18T15:27:01","date_gmt":"2025-03-18T14:27:01","guid":{"rendered":"https:\/\/xavier-adraste.fr\/?p=846"},"modified":"2025-03-24T14:18:18","modified_gmt":"2025-03-24T13:18:18","slug":"ledition-2025-du-hackathon-avec-liesa-est-confirmee","status":"publish","type":"post","link":"https:\/\/xavier-adraste.fr\/index.php\/2025\/03\/18\/ledition-2025-du-hackathon-avec-liesa-est-confirmee\/","title":{"rendered":"L&rsquo;\u00e9dition 2025 du hackathon avec l&rsquo;IESA est confirm\u00e9e !"},"content":{"rendered":"\n<p>Hyper content!<\/p>\n\n\n\n<p>Oui, je suis hyper content d&rsquo;annoncer que, cette ann\u00e9e 2025, l<a href=\"https:\/\/www.iesa.fr\/\" data-type=\"link\" data-id=\"https:\/\/www.iesa.fr\/\">&lsquo;IESA<\/a> a confirm\u00e9 son intention d&rsquo;organiser le Hackathon no-code, cr\u00e9atif et culturel \u00e0 Tours !<\/p>\n\n\n\n<p>D\u00e9but avril, j&rsquo;accueillerai donc les Mast\u00e8res 2 Poliques de M\u00e9diation socio-culturelle \u00e0 Tours pour 3 jours en immersion au sein du <a href=\"https:\/\/www.museecompagnonnage.fr\/accueil\" data-type=\"link\" data-id=\"https:\/\/www.museecompagnonnage.fr\/accueil\">Mus\u00e9e du Compagnonnage de Tours<\/a>.<\/p>\n\n\n\n<p>Du 2 au 4 avril, avec une quinzaine d&rsquo;\u00e9tudiants, nous serons accueillis en totale immersion au sein du mus\u00e9e, pour concevoir et r\u00e9aliser des dispositifs num\u00e9riques gr\u00e2ce au no-code.<\/p>\n\n\n\n<p>Je partagerai ici plus d&rsquo;informations.<\/p>\n\n\n\n<p>Voir l&rsquo;\u00e9dition 2024 au sein de<a href=\"https:\/\/xavier-adraste.fr\/index.php\/interventions-dans-lenseignement-superieur\/\" data-type=\"page\" data-id=\"22\"> l&rsquo;Op\u00e9ra de Tours<\/a>.<\/p>\n\n\n\n<p><\/p>\n\n\n\n<p><\/p>\n","protected":false},"excerpt":{"rendered":"<p>Hyper content! Oui, je suis hyper content d&rsquo;annoncer que, cette ann\u00e9e 2025, l&lsquo;IESA a confirm\u00e9 son intention d&rsquo;organiser le Hackathon no-code, cr\u00e9atif et culturel \u00e0 Tours ! D\u00e9but avril, j&rsquo;accueillerai donc les Mast\u00e8res 2 Poliques de M\u00e9diation socio-culturelle \u00e0 Tours pour 3 jours en immersion au sein du Mus\u00e9e du Compagnonnage de Tours. Du 2 [&hellip;]<\/p>\n","protected":false},"author":1,"featured_media":847,"comment_status":"open","ping_status":"open","sticky":false,"template":"","format":"standard","meta":{"footnotes":""},"categories":[18,5],"tags":[],"class_list":["post-846","post","type-post","status-publish","format-standard","has-post-thumbnail","hentry","category-no-code","category-projets"],"rttpg_featured_image_url":{"full":["https:\/\/xavier-adraste.fr\/wp-content\/uploads\/2025\/02\/Capturehh.jpg",1319,907,false],"landscape":["https:\/\/xavier-adraste.fr\/wp-content\/uploads\/2025\/02\/Capturehh.jpg",1319,907,false],"portraits":["https:\/\/xavier-adraste.fr\/wp-content\/uploads\/2025\/02\/Capturehh.jpg",1319,907,false],"thumbnail":["https:\/\/xavier-adraste.fr\/wp-content\/uploads\/2025\/02\/Capturehh-150x150.jpg",150,150,true],"medium":["https:\/\/xavier-adraste.fr\/wp-content\/uploads\/2025\/02\/Capturehh-300x206.jpg",300,206,true],"large":["https:\/\/xavier-adraste.fr\/wp-content\/uploads\/2025\/02\/Capturehh-1024x704.jpg",1024,704,true],"1536x1536":["https:\/\/xavier-adraste.fr\/wp-content\/uploads\/2025\/02\/Capturehh.jpg",1319,907,false],"2048x2048":["https:\/\/xavier-adraste.fr\/wp-content\/uploads\/2025\/02\/Capturehh.jpg",1319,907,false]},"rttpg_author":{"display_name":"admin9161","author_link":"https:\/\/xavier-adraste.fr\/index.php\/author\/admin9161\/"},"rttpg_comment":1,"rttpg_category":"<a href=\"https:\/\/xavier-adraste.fr\/index.php\/category\/no-code\/\" rel=\"category tag\">no-code<\/a> <a href=\"https:\/\/xavier-adraste.fr\/index.php\/category\/projets\/\" rel=\"category tag\">Projets<\/a>","rttpg_excerpt":"Hyper content! Oui, je suis hyper content d&rsquo;annoncer que, cette ann\u00e9e 2025, l&lsquo;IESA a confirm\u00e9 son intention d&rsquo;organiser le Hackathon no-code, cr\u00e9atif et culturel \u00e0 Tours ! D\u00e9but avril, j&rsquo;accueillerai donc les Mast\u00e8res 2 Poliques de M\u00e9diation socio-culturelle \u00e0 Tours pour 3 jours en immersion au sein du Mus\u00e9e du Compagnonnage de Tours. Du 2\u2026","_links":{"self":[{"href":"https:\/\/xavier-adraste.fr\/index.php\/wp-json\/wp\/v2\/posts\/846","targetHints":{"allow":["GET"]}}],"collection":[{"href":"https:\/\/xavier-adraste.fr\/index.php\/wp-json\/wp\/v2\/posts"}],"about":[{"href":"https:\/\/xavier-adraste.fr\/index.php\/wp-json\/wp\/v2\/types\/post"}],"author":[{"embeddable":true,"href":"https:\/\/xavier-adraste.fr\/index.php\/wp-json\/wp\/v2\/users\/1"}],"replies":[{"embeddable":true,"href":"https:\/\/xavier-adraste.fr\/index.php\/wp-json\/wp\/v2\/comments?post=846"}],"version-history":[{"count":3,"href":"https:\/\/xavier-adraste.fr\/index.php\/wp-json\/wp\/v2\/posts\/846\/revisions"}],"predecessor-version":[{"id":883,"href":"https:\/\/xavier-adraste.fr\/index.php\/wp-json\/wp\/v2\/posts\/846\/revisions\/883"}],"wp:featuredmedia":[{"embeddable":true,"href":"https:\/\/xavier-adraste.fr\/index.php\/wp-json\/wp\/v2\/media\/847"}],"wp:attachment":[{"href":"https:\/\/xavier-adraste.fr\/index.php\/wp-json\/wp\/v2\/media?parent=846"}],"wp:term":[{"taxonomy":"category","embeddable":true,"href":"https:\/\/xavier-adraste.fr\/index.php\/wp-json\/wp\/v2\/categories?post=846"},{"taxonomy":"post_tag","embeddable":true,"href":"https:\/\/xavier-adraste.fr\/index.php\/wp-json\/wp\/v2\/tags?post=846"}],"curies":[{"name":"wp","href":"https:\/\/api.w.org\/{rel}","templated":true}]}}